{"id":461,"date":"2023-07-11T15:51:53","date_gmt":"2023-07-11T13:51:53","guid":{"rendered":"http:\/\/markusmanfredjung.de\/wp\/?p=461"},"modified":"2023-07-12T16:57:30","modified_gmt":"2023-07-12T14:57:30","slug":"voll-im-dreck-stueck-von-markus-manfred-jung","status":"publish","type":"post","link":"http:\/\/markusmanfredjung.de\/wp\/2023\/07\/voll-im-dreck-stueck-von-markus-manfred-jung\/","title":{"rendered":"Voll im Dreck &#8211; St\u00fcck von Markus Manfred Jung"},"content":{"rendered":"\n<p><strong>Die Freilichtb\u00fchne Klausenhof begeistert mit &#8222;Voll im Dreck&#8220;, einem St\u00fcck von Markus Manfred Jung. Es gibt noch sechs Vorstellungen.<\/strong><\/p>\n\n\n\n<p><\/p>\n\n\n\n<p><a rel=\"noreferrer noopener\" href=\"https:\/\/www.badische-zeitung.de\/vielschichtiges-stueck-feiert-gelungene-premiere\" target=\"_blank\">Vielschichtiges St\u00fcck feiert gelungene Premiere<\/a>  (ver\u00f6ffentlicht am Mo, 10. Juli 2023 auf&nbsp;<a rel=\"noreferrer noopener\" href=\"http:\/\/badische-zeitung.de\/\" target=\"_blank\">badische-zeitung.de<\/a>)<\/p>\n\n\n\n<p><strong>Weitere Auff\u00fchrungen<\/strong>\u00a0des Schauspiels &#8222;Voll im Dreck oder Alfa Romeo und Julia auf dem Dorfe&#8220; sind am Samstag, 15., Sonntag, 16., Freitag, 21., Sonntag, 23., Samstag 29. sowie Sonntag 30. Juli, am Freitag sowie an den Samstagen jeweils um 19 Uhr, an den Sonntagen um 18 Uhr. Tickets unter\u00a0<a rel=\"noreferrer noopener\" href=\"http:\/\/www.freilichtbuehne-klausenhof.de\/\" target=\"_blank\">http:\/\/www.freilichtbuehne-klausenhof.de<\/a><\/p>\n\n\n\n<figure class=\"wp-block-image size-full\"><a href=\"http:\/\/markusmanfredjung.de\/wp\/wp-content\/uploads\/2023\/07\/image1.jpeg\"><img decoding=\"async\" loading=\"lazy\" width=\"543\" height=\"768\" src=\"http:\/\/markusmanfredjung.de\/wp\/wp-content\/uploads\/2023\/07\/image1.jpeg\" alt=\"\" class=\"wp-image-463\" srcset=\"http:\/\/markusmanfredjung.de\/wp\/wp-content\/uploads\/2023\/07\/image1.jpeg 543w, http:\/\/markusmanfredjung.de\/wp\/wp-content\/uploads\/2023\/07\/image1-212x300.jpeg 212w\" sizes=\"(max-width: 543px) 100vw, 543px\" \/><\/a><\/figure>\n\n\n\n<figure class=\"wp-block-image size-full\"><a href=\"http:\/\/markusmanfredjung.de\/wp\/wp-content\/uploads\/2023\/07\/image0.jpeg\"><img decoding=\"async\" loading=\"lazy\" width=\"543\" height=\"768\" src=\"http:\/\/markusmanfredjung.de\/wp\/wp-content\/uploads\/2023\/07\/image0.jpeg\" alt=\"\" class=\"wp-image-464\" srcset=\"http:\/\/markusmanfredjung.de\/wp\/wp-content\/uploads\/2023\/07\/image0.jpeg 543w, http:\/\/markusmanfredjung.de\/wp\/wp-content\/uploads\/2023\/07\/image0-212x300.jpeg 212w\" sizes=\"(max-width: 543px) 100vw, 543px\" \/><\/a><\/figure>\n\n\n\n<p><\/p>\n","protected":false},"excerpt":{"rendered":"<p>Die Freilichtb\u00fchne Klausenhof begeistert mit &#8222;Voll im Dreck&#8220;, einem St\u00fcck von Markus Manfred Jung. Es gibt noch sechs Vorstellungen. Vielschichtiges St\u00fcck feiert gelungene Premiere (ver\u00f6ffentlicht am Mo, 10. Juli 2023 auf&nbsp;badische-zeitung.de) Weitere Auff\u00fchrungen\u00a0des Schauspiels &#8222;Voll im Dreck oder Alfa Romeo und Julia auf dem Dorfe&#8220; sind am Samstag, 15., Sonntag, 16., Freitag, 21., Sonntag, 23., [&hellip;]<\/p>\n","protected":false},"author":2,"featured_media":0,"comment_status":"open","ping_status":"open","sticky":false,"template":"","format":"standard","meta":[],"categories":[1],"tags":[],"_links":{"self":[{"href":"http:\/\/markusmanfredjung.de\/wp\/wp-json\/wp\/v2\/posts\/461"}],"collection":[{"href":"http:\/\/markusmanfredjung.de\/wp\/wp-json\/wp\/v2\/posts"}],"about":[{"href":"http:\/\/markusmanfredjung.de\/wp\/wp-json\/wp\/v2\/types\/post"}],"author":[{"embeddable":true,"href":"http:\/\/markusmanfredjung.de\/wp\/wp-json\/wp\/v2\/users\/2"}],"replies":[{"embeddable":true,"href":"http:\/\/markusmanfredjung.de\/wp\/wp-json\/wp\/v2\/comments?post=461"}],"version-history":[{"count":2,"href":"http:\/\/markusmanfredjung.de\/wp\/wp-json\/wp\/v2\/posts\/461\/revisions"}],"predecessor-version":[{"id":465,"href":"http:\/\/markusmanfredjung.de\/wp\/wp-json\/wp\/v2\/posts\/461\/revisions\/465"}],"wp:attachment":[{"href":"http:\/\/markusmanfredjung.de\/wp\/wp-json\/wp\/v2\/media?parent=461"}],"wp:term":[{"taxonomy":"category","embeddable":true,"href":"http:\/\/markusmanfredjung.de\/wp\/wp-json\/wp\/v2\/categories?post=461"},{"taxonomy":"post_tag","embeddable":true,"href":"http:\/\/markusmanfredjung.de\/wp\/wp-json\/wp\/v2\/tags?post=461"}],"curies":[{"name":"wp","href":"https:\/\/api.w.org\/{rel}","templated":true}]}}